{"id":415,"date":"2010-08-03T00:23:03","date_gmt":"2010-08-02T23:23:03","guid":{"rendered":"http:\/\/www.zigbe.net\/?p=415"},"modified":"2010-08-03T00:23:03","modified_gmt":"2010-08-02T23:23:03","slug":"redes-de-sensores-para-proteger-a-las-personas-de-las-radiaciones-ultravioleta","status":"publish","type":"post","link":"https:\/\/blog.whatsbee.net\/?p=415","title":{"rendered":"Redes de sensores para proteger a las personas de las radiaciones ultravioleta"},"content":{"rendered":"<div class=\"mceTemp mceIEcenter\" style=\"text-align: left;\">\n<div class=\"mceTemp mceIEcenter\">\u00a0<\/div>\n<p>Hace unas semanas Alicia Asin de Libelium public\u00f3 en Linkedin un enlace a un art\u00edculo sobre como proteger a la gente de las radicaciones ultravioleta con las redes sensoriales.<\/p><\/div>\n<p>\u00a0En realidad tecnologicamente es\u00a0 lo mismo que hemos estado hablando en art\u00edculos anteriores, un sensor (en este caso un fotodiodo capaz de detectar la luz en el rengo de los ultravioletas) unos motes que recojen las lecturas y las mandan a un equipo que las procesa y las publica, etc.<\/p>\n<div class=\"mceTemp mceIEcenter\">\n<div id=\"attachment_418\" style=\"width: 408px\" class=\"wp-caption aligncenter\"><a href=\"http:\/\/blog.whatsbee.net\/wp-content\/uploads\/2010\/08\/Uvi_grafica.gif\"><img aria-describedby=\"caption-attachment-418\" loading=\"lazy\" class=\"size-full wp-image-418\" title=\"Uvi_grafica\" src=\"http:\/\/blog.whatsbee.net\/wp-content\/uploads\/2010\/08\/Uvi_grafica.gif\" alt=\"\" width=\"398\" height=\"299\" \/><\/a><p id=\"caption-attachment-418\" class=\"wp-caption-text\">Grafica de la distribuci\u00f3n de UV<\/p><\/div>\n<\/div>\n<p>Independientemente de\u00a0que tecnologicamente suponga una novedad importante o no,\u00a0me parece un buen campo de aplicaci\u00f3n, y sobre todo muy veraniego \ud83d\ude09<\/p>\n<p>A continuaci\u00f3n un enlace al magn\u00edfico art\u00edculo de Libelium:<\/p>\n<p><a href=\"http:\/\/www.libelium.com\/libeliumworld\/articles\/101811811515\">http:\/\/www.libelium.com\/libeliumworld\/articles\/101811811515<\/a><\/p>\n","protected":false},"excerpt":{"rendered":"<p>\u00a0 Hace unas semanas Alicia Asin de Libelium public\u00f3 en Linkedin un enlace a un art\u00edculo sobre como proteger a la gente de las radicaciones ultravioleta con las redes sensoriales. \u00a0En realidad tecnologicamente es\u00a0 lo mismo que hemos estado hablando&hellip; <br \/><a class=\"read-more-button\" href=\"https:\/\/blog.whatsbee.net\/?p=415\">Leer m\u00e1s<\/a><\/p>\n","protected":false},"author":1,"featured_media":0,"comment_status":"open","ping_status":"open","sticky":false,"template":"","format":"standard","meta":{"_bbp_topic_count":0,"_bbp_reply_count":0,"_bbp_total_topic_count":0,"_bbp_total_reply_count":0,"_bbp_voice_count":0,"_bbp_anonymous_reply_count":0,"_bbp_topic_count_hidden":0,"_bbp_reply_count_hidden":0,"_bbp_forum_subforum_count":0},"categories":[16,2,20,9],"tags":[80,99,110,111,173],"_links":{"self":[{"href":"https:\/\/blog.whatsbee.net\/index.php?rest_route=\/wp\/v2\/posts\/415"}],"collection":[{"href":"https:\/\/blog.whatsbee.net\/index.php?rest_route=\/wp\/v2\/posts"}],"about":[{"href":"https:\/\/blog.whatsbee.net\/index.php?rest_route=\/wp\/v2\/types\/post"}],"author":[{"embeddable":true,"href":"https:\/\/blog.whatsbee.net\/index.php?rest_route=\/wp\/v2\/users\/1"}],"replies":[{"embeddable":true,"href":"https:\/\/blog.whatsbee.net\/index.php?rest_route=%2Fwp%2Fv2%2Fcomments&post=415"}],"version-history":[{"count":0,"href":"https:\/\/blog.whatsbee.net\/index.php?rest_route=\/wp\/v2\/posts\/415\/revisions"}],"wp:attachment":[{"href":"https:\/\/blog.whatsbee.net\/index.php?rest_route=%2Fwp%2Fv2%2Fmedia&parent=415"}],"wp:term":[{"taxonomy":"category","embeddable":true,"href":"https:\/\/blog.whatsbee.net\/index.php?rest_route=%2Fwp%2Fv2%2Fcategories&post=415"},{"taxonomy":"post_tag","embeddable":true,"href":"https:\/\/blog.whatsbee.net\/index.php?rest_route=%2Fwp%2Fv2%2Ftags&post=415"}],"curies":[{"name":"wp","href":"https:\/\/api.w.org\/{rel}","templated":true}]}}